{"id":1807,"date":"2026-02-27T16:50:00","date_gmt":"2026-02-27T15:50:00","guid":{"rendered":"https:\/\/davidmarmet.com\/?p=1807"},"modified":"2026-02-14T10:46:00","modified_gmt":"2026-02-14T09:46:00","slug":"persoenliche-worte-zu-den-grossratswahlen","status":"publish","type":"post","link":"https:\/\/davidmarmet.com\/?p=1807","title":{"rendered":"Pers\u00f6nliche Worte zu den Grossratswahlen"},"content":{"rendered":"\n<p class=\"wp-block-paragraph\">Findest Du es wichtig, dass sich die Regierung die Schwachen sch\u00fctzt und st\u00fctzt? Soll der Staat sich in den Dienst des Volkes stellen? Bist Du ein Verfechter der Menschenrechte und bist \u00fcberzeugt, dass jeder Mensch mit der gleichwertigen W\u00fcrde geboren wird?<\/p>\n\n\n\n<p class=\"wp-block-paragraph\">Ich auf jeden Fall. Diese Ideen sind jedoch nicht einfach aus dem Nichts entstanden, sondern gr\u00fcnden auf dem Leben und der Lehre der ber\u00fchmtesten und einflussreichsten Pers\u00f6nlichkeit, die je auf diesem Planteten gelebt hat: Jesus von Nazareth. Seit \u00fcber 2000 Jahren geht seine Saat auf und macht die Welt zu einem besseren, lebenswerteren Ort. Er gab meiner Partei den Namen Evangelische Volkspartei. Von ihm kommt dieses Evangelium, diese gute Nachricht.<\/p>\n\n\n\n<p class=\"wp-block-paragraph\">Es gibt viel Interpretationsraum in der Umsetzung dieser 2000 Jahre alten Impulse. Je nach Lebensmillieu unterscheidet sich die Perspektive. Ich arbeitete zwei Jahre als Volkschullehrer und war wohl w\u00e4hrend dieser Zeit der SP n\u00e4her, als sonst einer Partei. Danach lebten wir eine Weile in der Kunstszene und hatten dementsprechend eine ver\u00e4nderte Sicht auf die Gesellschaft. Als ich dann 2007 einen kleinen Schreinerbetrieb \u00fcbernahm, konnte ich die Sicht der FDP besser nachvollziehen.<\/p>\n\n\n\n<p class=\"wp-block-paragraph\">Wir leben miteinander. Es ist wichtig, dass wir uns die verschiedenen Perspektiven anh\u00f6ren. Deshalb setze ich mich f\u00fcr den Dialog ein. Das Leben und die Lehre von Jesus haben manchmal zu sehr progressiven Entwicklungen gef\u00fchrt und manchmal riefen sie zu erhaltenden Entscheidungen auf. Wir stehen als Gesellschaft auf diesem Fundament und k\u00f6nnen unglaublich dankbar sein, dass wir seit 179 Jahren auf eigenem Boden keine milit\u00e4rische Auseinandersetzung mehr hatten. Wir haben viele Frauen und M\u00e4nner, die aus tiefchristlichen \u00dcberzeugungen handelten und unsere Nation positiv gepr\u00e4gt haben.<\/p>\n\n\n\n<p class=\"wp-block-paragraph\">Deshalb setze ich mich ein f\u00fcr das E der EVP in der Politik.<\/p>\n","protected":false},"excerpt":{"rendered":"<p>Findest Du es wichtig, dass sich die Regierung die Schwachen sch\u00fctzt und st\u00fctzt? Soll der Staat sich in den Dienst des Volkes stellen? Bist Du ein Verfechter der Menschenrechte und bist \u00fcberzeugt, dass jeder Mensch mit der gleichwertigen W\u00fcrde geboren &hellip; <a href=\"https:\/\/davidmarmet.com\/?p=1807\">Weiterlesen <span class=\"meta-nav\">&rarr;<\/span><\/a><\/p>\n","protected":false},"author":2,"featured_media":0,"comment_status":"open","ping_status":"open","sticky":false,"template":"","format":"standard","meta":{"_jetpack_newsletter_access":"","_jetpack_dont_email_post_to_subs":false,"_jetpack_newsletter_tier_id":0,"_jetpack_memberships_contains_paywalled_content":false,"_jetpack_feature_clip_id":0,"_jetpack_memberships_contains_paid_content":false,"footnotes":"","jetpack_publicize_message":"","jetpack_publicize_feature_enabled":true,"jetpack_social_post_already_shared":true,"jetpack_social_options":{"image_generator_settings":{"template":"highway","default_image_id":0,"font":"","enabled":false},"version":2},"jetpack_post_was_ever_published":false},"categories":[1],"tags":[],"class_list":["post-1807","post","type-post","status-publish","format-standard","hentry","category-reise"],"jetpack_publicize_connections":[],"jetpack_sharing_enabled":true,"jetpack_shortlink":"https:\/\/wp.me\/p55v7P-t9","jetpack_featured_media_url":"","_links":{"self":[{"href":"https:\/\/davidmarmet.com\/index.php?rest_route=\/wp\/v2\/posts\/1807","targetHints":{"allow":["GET"]}}],"collection":[{"href":"https:\/\/davidmarmet.com\/index.php?rest_route=\/wp\/v2\/posts"}],"about":[{"href":"https:\/\/davidmarmet.com\/index.php?rest_route=\/wp\/v2\/types\/post"}],"author":[{"embeddable":true,"href":"https:\/\/davidmarmet.com\/index.php?rest_route=\/wp\/v2\/users\/2"}],"replies":[{"embeddable":true,"href":"https:\/\/davidmarmet.com\/index.php?rest_route=%2Fwp%2Fv2%2Fcomments&post=1807"}],"version-history":[{"count":2,"href":"https:\/\/davidmarmet.com\/index.php?rest_route=\/wp\/v2\/posts\/1807\/revisions"}],"predecessor-version":[{"id":1814,"href":"https:\/\/davidmarmet.com\/index.php?rest_route=\/wp\/v2\/posts\/1807\/revisions\/1814"}],"wp:attachment":[{"href":"https:\/\/davidmarmet.com\/index.php?rest_route=%2Fwp%2Fv2%2Fmedia&parent=1807"}],"wp:term":[{"taxonomy":"category","embeddable":true,"href":"https:\/\/davidmarmet.com\/index.php?rest_route=%2Fwp%2Fv2%2Fcategories&post=1807"},{"taxonomy":"post_tag","embeddable":true,"href":"https:\/\/davidmarmet.com\/index.php?rest_route=%2Fwp%2Fv2%2Ftags&post=1807"}],"curies":[{"name":"wp","href":"https:\/\/api.w.org\/{rel}","templated":true}]}}