{"id":1187,"date":"2022-03-23T19:32:10","date_gmt":"2022-03-23T18:32:10","guid":{"rendered":"https:\/\/davidmarmet.com\/?p=1187"},"modified":"2022-03-23T19:32:10","modified_gmt":"2022-03-23T18:32:10","slug":"suedafrika-wie-alles-begann","status":"publish","type":"post","link":"https:\/\/davidmarmet.com\/?p=1187","title":{"rendered":"S\u00fcdafrika &#8211; wie alles begann"},"content":{"rendered":"\n<p>Die letzten Tage verbrachten David und ich in S\u00fcdafrika. &#8222;Sch\u00f6n, macht ihr da Ferien?&#8220;, fragte mich eine Frau aus dem Bekanntenkreis. Ehrlich gesagt wusste ich nicht, was ich ihr darauf antworten sollte. Waren es wirklich Ferien, die wir dort verbrachten? &#8222;Nein, auf keinen Fall&#8230; und doch auch ein bisschen&#8230;&#8220; Wie kommt es dazu, dass wir unsere Kinder in der Schweiz zur\u00fccklassen und f\u00fcr ein paar Tage auf einen anderen Kontinent fliegen nur um dort eine Ortschaft aufzusuchen, die nicht einmal mit einem \u00f6ffentlichen Verkehrsmittel erreichbar ist? Eine Ortschaft niemand kennt? Wir eingeschlossen \ud83d\ude42 &#8211; Dazu muss ich wohl etwas ausholen.<\/p>\n\n\n\n<p>Im Oktober 2021 wachte ich eines Nachts mit dem Wort S\u00dcDAFRIKA vor meinen Augen auf. Draussen regnete es und im Halbschlaf betete ich f\u00fcr Regen in S\u00fcdafrika. &#8211; Keine Ahnung, ob ich den Bewohnern dieses Landes einen Gefallen tat damit oder nicht &#8211; Mein innerer Dialog mit Gott war: &#8222;Du schickst uns nicht echt dorthin, oder? Dort ist es gef\u00e4hrlich!&#8220; &#8211; &#8222;Aber auch wundersch\u00f6n&#8220;, meinte ich eine Stimme in meinem Inneren sagen zu h\u00f6ren. &#8222;Wenn das so ist, musst Du Dich um alles k\u00fcmmern: Reise, Kontakte, Fl\u00fcge, Geld,&#8230; schlichtweg ALLES&#8220;. Damit war das Thema S\u00fcdafrika f\u00fcr mich abgeschlossen. Was sollten wir an einem unbekannten Ort, an dem wir niemanden kannten? Was f\u00fcr eine verr\u00fcckte Idee! Und doch horchte ich in den n\u00e4chsten Tagen jedes Mal auf, wenn irgendwo das Wort S\u00fcdafrika fiel. <\/p>\n\n\n\n<p>Wenige Tage sp\u00e4ter w\u00e4hrend der Anbetungszeit meinte jemand aus der Gruppe: &#8222;Ich habe das Gef\u00fchl, dass manche auf einem sinnbildlichen Berg stehen aber sie wollen nicht auf den n\u00e4chst h\u00f6heren Berg, weil dies bedeutet ins Tal hinabzusteigen, um dann den anstrengenden Aufstieg in Angriff zu nehmen.&#8220; Innerlich dachte ich: &#8222;Ja, ich bin gerne auf dem Berg in der N\u00e4he Gottes, aber vielleicht ist es gut hinabzusteigen.&#8220; Beim Abstieg f\u00fchlte es sich an als w\u00fcrde ich etwas entdecken, das Gott auf dem Herzen liegt. Da kam mir einen Bibelstelle in den Sinn aus Lukas 10, 2: &#8222;Die Ernte ist gro\u00df, der Arbeiter aber sind wenige. Wen soll ich senden?&#8220; Mit dieser Frage wurde ich in meine Jugendzeit zur\u00fcck katapultiert. Damals h\u00f6rte ich eine CD rauf und runter und sang bei allen Liedern mit, ausser bei einem; denn da sang der S\u00e4nger: &#8222;Here am I send me&#8220; (Hier bin ich sende mich). Da sang ich nie mit, denn wer weiss schon, was Gott vorhat. Er k\u00f6nnte mich ja nach Afrika in den Busch schicken und dort m\u00fcsste ich ein Leben mit lauter Entbehrungen f\u00fchren und das wollte ich auf keinen Fall! <\/p>\n\n\n\n<p>Und hier stand ich nun, 20 Jahre sp\u00e4ter, und es war als w\u00fcrde Gott mich fragen: &#8222;Bist du bereit zu gehen? Egal wohin ich dich sende? Darf ich dich senden?&#8220; Was f\u00fcr eine Frage! Ich f\u00fchrte einen inneren Dialog mit Gott und sagte mit Tr\u00e4nen in den Augen: &#8222;Du weisst, dass ich nicht Nein sagen kann. Aus Liebe zu Dir werde ich es tun. Nicht weil ich muss, nicht weil ich gehorsam sein will, sondern einfach weil ich Dich liebe. Du hast Dich in den letzten Jahren als vertrauensw\u00fcrdig erwiesen. Ich vertraue Dir auch wenn ich Angst habe. Du kannst mich senden.&#8220; Ich wusste es w\u00fcrde mich extrem viel viel kosten, aber ich wusste auch, wenn ich es nicht tun w\u00fcrde, w\u00fcrde ich es f\u00fcr immer bereuen. <\/p>\n\n\n\n<p>Etwas sp\u00e4ter kam mir wieder in den Sinn, was ich vor wenigen N\u00e4chten getr\u00e4umt hatte &#8211; S\u00fcdafrika. Echt jetzt? Was hatte Gott nur vor mit uns? Was sollten wir dort? Wo genau sollten wir hin?<\/p>\n\n\n\n<p>Wenige N\u00e4chte sp\u00e4ter wachte David auf mit einem Lied von Martin Pepper &#8222;Du bist ein starker Turm, Du bist das Auge im Sturm&#8230;&#8220; und dem Wort &#8222;Migdol&#8220;. Nach ersten Nachforschungen fand er heraus, dass Migdol auf hebr\u00e4isch Turm bedeutet und zu unserer \u00dcberraschung gibt es einen Ort in S\u00fcdafrika, der Migdol heisst. <\/p>\n\n\n\n<p>Gespannt beteten und warteten wir, wie Gott uns weiterf\u00fchren w\u00fcrde.<\/p>\n","protected":false},"excerpt":{"rendered":"<p>Die letzten Tage verbrachten David und ich in S\u00fcdafrika. &#8222;Sch\u00f6n, macht ihr da Ferien?&#8220;, fragte mich eine Frau aus dem Bekanntenkreis. Ehrlich gesagt wusste ich nicht, was ich ihr darauf antworten sollte. Waren es wirklich Ferien, die wir dort verbrachten? &hellip; <a href=\"https:\/\/davidmarmet.com\/?p=1187\">Weiterlesen <span class=\"meta-nav\">&rarr;<\/span><\/a><\/p>\n","protected":false},"author":3,"featured_media":0,"comment_status":"open","ping_status":"open","sticky":false,"template":"","format":"standard","meta":{"jetpack_post_was_ever_published":false,"_jetpack_newsletter_access":"","_jetpack_dont_email_post_to_subs":false,"_jetpack_newsletter_tier_id":0,"_jetpack_memberships_contains_paywalled_content":false,"_jetpack_memberships_contains_paid_content":false,"footnotes":"","jetpack_publicize_message":"","jetpack_publicize_feature_enabled":true,"jetpack_social_post_already_shared":true,"jetpack_social_options":{"image_generator_settings":{"template":"highway","default_image_id":0,"font":"","enabled":false},"version":2}},"categories":[1],"tags":[],"class_list":["post-1187","post","type-post","status-publish","format-standard","hentry","category-reise"],"jetpack_publicize_connections":[],"jetpack_featured_media_url":"","jetpack_sharing_enabled":true,"jetpack_shortlink":"https:\/\/wp.me\/p55v7P-j9","_links":{"self":[{"href":"https:\/\/davidmarmet.com\/index.php?rest_route=\/wp\/v2\/posts\/1187","targetHints":{"allow":["GET"]}}],"collection":[{"href":"https:\/\/davidmarmet.com\/index.php?rest_route=\/wp\/v2\/posts"}],"about":[{"href":"https:\/\/davidmarmet.com\/index.php?rest_route=\/wp\/v2\/types\/post"}],"author":[{"embeddable":true,"href":"https:\/\/davidmarmet.com\/index.php?rest_route=\/wp\/v2\/users\/3"}],"replies":[{"embeddable":true,"href":"https:\/\/davidmarmet.com\/index.php?rest_route=%2Fwp%2Fv2%2Fcomments&post=1187"}],"version-history":[{"count":5,"href":"https:\/\/davidmarmet.com\/index.php?rest_route=\/wp\/v2\/posts\/1187\/revisions"}],"predecessor-version":[{"id":1199,"href":"https:\/\/davidmarmet.com\/index.php?rest_route=\/wp\/v2\/posts\/1187\/revisions\/1199"}],"wp:attachment":[{"href":"https:\/\/davidmarmet.com\/index.php?rest_route=%2Fwp%2Fv2%2Fmedia&parent=1187"}],"wp:term":[{"taxonomy":"category","embeddable":true,"href":"https:\/\/davidmarmet.com\/index.php?rest_route=%2Fwp%2Fv2%2Fcategories&post=1187"},{"taxonomy":"post_tag","embeddable":true,"href":"https:\/\/davidmarmet.com\/index.php?rest_route=%2Fwp%2Fv2%2Ftags&post=1187"}],"curies":[{"name":"wp","href":"https:\/\/api.w.org\/{rel}","templated":true}]}}