{"id":1162,"date":"2022-03-04T12:08:00","date_gmt":"2022-03-04T11:08:00","guid":{"rendered":"http:\/\/davidmarmet.com\/?p=1162"},"modified":"2022-03-07T10:38:10","modified_gmt":"2022-03-07T09:38:10","slug":"1162","status":"publish","type":"post","link":"https:\/\/davidmarmet.com\/?p=1162","title":{"rendered":"Die Jubeljahre und das Jahr 2067"},"content":{"rendered":"\n<p>Neben den eindr\u00fccklichen Details von Gottes Umsetzung seines Planes mit Jerusalem, war f\u00fcr mich das Besondere am Buch \u201cDas Orakel\u201d von Jonathan Cahn, die \u00dcbereinstimmung mit der Chronologie von Paul Gerhard Zint. Der Physiker Zint hat eine <a href=\"http:\/\/www.zeitundzahl.de\">Chronologie der Bibel<\/a> erstellt, die rein auf biblischen Aussagen basiert und zus\u00e4tzlich eine eindr\u00fcckliche Sch\u00f6nheit und Pr\u00e4zision auf der Zahlenebene vorweist. Dies gibt so viel Mut und Hoffnung, dass Gott wirklich einen Plan hat mit der Menschheit und auch f\u00e4hig ist diesen umzusetzen.<\/p>\n\n\n\n<p>Im 3. Buch Moses 25,10 ordnet Gott ein sogenanntes Jahr der Freilassung und des Jubels an. In jedem f\u00fcnfzigsten Jahr soll die <strong>Freiheit<\/strong>, bzw. Freilassung ausgerufen werden und jeder soll wieder zu seinem Grundbesitz <strong>zur\u00fcckkehren<\/strong>. Diese Ordnung wurde nie umgesetzt von den Israeliten. Doch Gott achtete trotzdem auf diese Jahre. .&nbsp;<\/p>\n\n\n\n<p>Im Jahr 17. n. Chr. war gem\u00e4ss Zint das Jahr 4250 a. H. (anno hominum). Dies war also das 85. Jubeljahr. Er beschreibt in seinem <a href=\"http:\/\/www.zeitundzahl.de\/Download\/Jubeljahre.pdf\">Dokument zum Thema Jubeljahre<\/a>, dass die Juden gem\u00e4ss dem Babylonischen Talmud in der 85. Jubeljahrperiode den Messias erwarteten. Jesus wurde w\u00e4hrend dieser 85sten 50-Jahr-Periode geboren (4230 a.H.). Im 85. Jubeljahr selbst wurde er 20 Jahre alt und damit einsatzf\u00e4hig. Aus biblischer Sicht wurde ein Mann im Alter von 20 Jahren reif Opfer zu bringen (2. Mose 30,14) und Kriegsdienst zu leisten (4. Mose 1,3). Jesus wurde also in diesem Jahr reif, um als Priester und K\u00f6nig eingesetzt zu werden.&nbsp;<\/p>\n\n\n\n<p>Von einem \u00e4usseren Sichtpunkt war das n\u00e4chste Jubeljahr ein Jahr des Verlusts, denn der Feldherr Titus Falvius Vespasian wurde von Kaiser Nero gesandt den j\u00fcdischen Aufstand in Pal\u00e4stina niederzuschlagen. Er fiel im Fr\u00fchjahr 67 n. Chr. in Galil\u00e4a ein. Israel verlor sein Land. Es war das 86. Jubeljahr. Das Wort f\u00fcr Gott \u201cElohim\u201d hat einen Totalwert von 86. &#8222;Elohim&#8220; ist die Mehrzahl des Wortes f\u00fcr Macht, also \u201calle M\u00e4chte vereint\u201d sozusagen. In diesem Jahr zeigte Gott seine Macht. Die wirkliche Macht, die Erl\u00f6sung brachte, wuchs durch die Botschaft von Jesus heran. Mit Jesus, dem Messias, und Paulus seinem Apostel ruft Gott <strong>Freiheit<\/strong> f\u00fcr die ganze Sch\u00f6pfung aus (zBsp. R\u00f6mer 8,20+21). Seit den ersten Jesus-gl\u00e4ubigen Juden warten wir nun auf die <strong>Wiederkehr<\/strong> des K\u00f6nigs Jesus, der Frieden auf die Welt bringen werden wird.&nbsp;<\/p>\n\n\n\n<p>Einige Schritte hin zu Freiheit und R\u00fcckkehr sind bereits sichtbar geworden. Einige Jubeljahre hat Gott schon ausgerufen. Zuerst f\u00fcr die Juden und dann f\u00fcr alle. Wir d\u00fcrfen gespannt sein, was im n\u00e4chsten Jubeljahr im Jahr 1967 in Israel und Jerusalem passieren wird. Es ist das 126ste Jubeljahr seit Adam und das 40ste seit Jesus eingesetzt wurde. Wird Gott die 40 Jahre W\u00fcste seines Volkes beenden und sie in eine neue Freiheit f\u00fchren?<\/p>\n\n\n\n<p>Shabbat Shalom!<\/p>\n\n\n\n<p>P.s.: Dies ist der letzte Teil einer kleinen, w\u00f6chentlichen Serie zum Buch von Jonathan Cahn &#8222;Das Orakel&#8220; und dem Text von Paul G. Zint zum Thema <a href=\"http:\/\/www.zeitundzahl.de\/Download\/Jubeljahre.pdf\">Jubeljahre<\/a>. Von diesen beiden Autoren stammen die meisten Informationen und nur manchmal habe ich eigene Gedanken dazu erg\u00e4nzt. <\/p>\n\n\n\n<p>Teil 1: <a href=\"https:\/\/davidmarmet.com\/?p=1144\">Das Jahr 1867 und Mark Twain<\/a><\/p>\n\n\n\n<p>Teil 2: <a href=\"https:\/\/davidmarmet.com\/?p=1148\">Das Jahr 1917 und das Versprechen der Briten<\/a><\/p>\n\n\n\n<p>Teil 3: <a href=\"https:\/\/davidmarmet.com\/?p=1152\">Herzl`s Weitsicht<\/a> <\/p>\n\n\n\n<p>Teil 4: <a href=\"https:\/\/davidmarmet.com\/?p=1155\">Die Klagemauer und die L\u00f6wen<\/a> <\/p>\n\n\n\n<p>Teil 5: <a href=\"https:\/\/davidmarmet.com\/?p=1159\">Jerusalem und die 50-Jahr-Schritte<\/a><\/p>\n","protected":false},"excerpt":{"rendered":"<p>Neben den eindr\u00fccklichen Details von Gottes Umsetzung seines Planes mit Jerusalem, war f\u00fcr mich das Besondere am Buch \u201cDas Orakel\u201d von Jonathan Cahn, die \u00dcbereinstimmung mit der Chronologie von Paul Gerhard Zint. Der Physiker Zint hat eine Chronologie der Bibel &hellip; <a href=\"https:\/\/davidmarmet.com\/?p=1162\">Weiterlesen <span class=\"meta-nav\">&rarr;<\/span><\/a><\/p>\n","protected":false},"author":2,"featured_media":0,"comment_status":"open","ping_status":"open","sticky":false,"template":"","format":"standard","meta":{"jetpack_post_was_ever_published":false,"_jetpack_newsletter_access":"","_jetpack_dont_email_post_to_subs":false,"_jetpack_newsletter_tier_id":0,"_jetpack_memberships_contains_paywalled_content":false,"_jetpack_memberships_contains_paid_content":false,"footnotes":"","jetpack_publicize_message":"","jetpack_publicize_feature_enabled":true,"jetpack_social_post_already_shared":true,"jetpack_social_options":{"image_generator_settings":{"template":"highway","default_image_id":0,"font":"","enabled":false},"version":2}},"categories":[1],"tags":[],"class_list":["post-1162","post","type-post","status-publish","format-standard","hentry","category-reise"],"jetpack_publicize_connections":[],"jetpack_featured_media_url":"","jetpack_sharing_enabled":true,"jetpack_shortlink":"https:\/\/wp.me\/s55v7P-1162","_links":{"self":[{"href":"https:\/\/davidmarmet.com\/index.php?rest_route=\/wp\/v2\/posts\/1162","targetHints":{"allow":["GET"]}}],"collection":[{"href":"https:\/\/davidmarmet.com\/index.php?rest_route=\/wp\/v2\/posts"}],"about":[{"href":"https:\/\/davidmarmet.com\/index.php?rest_route=\/wp\/v2\/types\/post"}],"author":[{"embeddable":true,"href":"https:\/\/davidmarmet.com\/index.php?rest_route=\/wp\/v2\/users\/2"}],"replies":[{"embeddable":true,"href":"https:\/\/davidmarmet.com\/index.php?rest_route=%2Fwp%2Fv2%2Fcomments&post=1162"}],"version-history":[{"count":3,"href":"https:\/\/davidmarmet.com\/index.php?rest_route=\/wp\/v2\/posts\/1162\/revisions"}],"predecessor-version":[{"id":1181,"href":"https:\/\/davidmarmet.com\/index.php?rest_route=\/wp\/v2\/posts\/1162\/revisions\/1181"}],"wp:attachment":[{"href":"https:\/\/davidmarmet.com\/index.php?rest_route=%2Fwp%2Fv2%2Fmedia&parent=1162"}],"wp:term":[{"taxonomy":"category","embeddable":true,"href":"https:\/\/davidmarmet.com\/index.php?rest_route=%2Fwp%2Fv2%2Fcategories&post=1162"},{"taxonomy":"post_tag","embeddable":true,"href":"https:\/\/davidmarmet.com\/index.php?rest_route=%2Fwp%2Fv2%2Ftags&post=1162"}],"curies":[{"name":"wp","href":"https:\/\/api.w.org\/{rel}","templated":true}]}}